{"doc_desc":{"title":"Documentation pour \"S\u00e9curit\u00e9 2009: Opinions sur la s\u00e9curit\u00e9 et la politique de d\u00e9fense de la Suisse\"","idno":"ch.sidos.ddi.563.10152","producers":[{"name":"Data and Research Information Services","abbreviation":"DARIS","affiliation":"FORS ","role":"Editor"}],"prod_date":"2011-11-01","version_statement":{"version":"1.0","version_date":"2011-11-01","version_resp":"Fran\u00e7ois Lor\u00e9tan"}},"study_desc":{"title_statement":{"idno":"ch.sidos.ddi.563.10152","title":"S\u00e9curit\u00e9 2009: Evolution des opinions sur la s\u00e9curit\u00e9, la politique ext\u00e9rieure et la politique de d\u00e9fense de la Suisse","sub_title":"Opinions sur la s\u00e9curit\u00e9 et la politique de d\u00e9fense de la Suisse","translated_title":"Security 2009. Trends in opinions concerning foreign policy, security policy and defense policy"},"authoring_entity":[{"name":"Szvircsev Tresch Tibor (Leitung)","affiliation":"ETH Z\u00fcrich - Milit\u00e4rakademie an der ETH Z\u00fcrich"},{"name":"Wenger Andreas (Leitung)","affiliation":"ETH Z\u00fcrich - Center for Security Studies - CSS"},{"name":"W\u00fcrmli Silvia","affiliation":"ETH Z\u00fcrich - Milit\u00e4rakademie an der ETH Z\u00fcrich"},{"name":"Pletscher Mark","affiliation":"ETH Z\u00fcrich - Milit\u00e4rakademie an der ETH Z\u00fcrich"},{"name":"Wenger Urs","affiliation":"ETH Z\u00fcrich - Milit\u00e4rakademie an der ETH Z\u00fcrich"}],"production_statement":{"producers":[{"name":"ETH Z\u00fcrich - Milit\u00e4rakademie an der ETH Z\u00fcrich","affiliation":"","role":""},{"name":"ETH Z\u00fcrich, Center for Security Studies - CSS","affiliation":"","role":""}],"copyright":"FORS","prod_date":"2010-03-02","funding_agencies":[{"name":"ETH Z\u00fcrich, Milit\u00e4rakademie an der ETH Z\u00fcrich","abbreviation":"","role":""},{"name":"ETH Z\u00fcrich, Center for Security Studies - CSS","abbreviation":"","role":""},{"name":"Eidg. Departement f\u00fcr Verteidigung, Bev\u00f6lkerungsschutz und Sport - VBS","abbreviation":"","role":""}]},"distribution_statement":{"distributors":[{"name":"Data and Research Information Services","abbreviation":"DARIS","affiliation":"FORS","uri":"http:\/\/forscenter.ch\/fr\/service-de-donnees-et-d-information-sur-la-recherche\/"}],"depositor":[{"name":"","abbreviation":"","affiliation":""}]},"series_statement":{"series_name":"S\u00e9curit\u00e9"},"version_statement":{"version":"1.0","version_date":"2011-11-01","version_resp":"Fran\u00e7ois Lor\u00e9tan"},"bib_citation":"Tibor Szvircsev Tresch, Andreas Wenger, Silvia W\u00fcrmli, Mark Pletscher, Urs Wenger: Meinungsbild zur Sicherheits- und Verteidigungspolitik der Schweiz - 2009 [Dataset]. ETH Z\u00fcrich. Distributed by FORS, Lausanne, 2010.","study_info":{"keywords":[{"keyword":"Sentiment de s\u00e9curit\u00e9","vocab":"Authors\/DARIS","uri":""},{"keyword":"Attitude envers l'arm\u00e9e","vocab":"Authors\/DARIS","uri":""},{"keyword":"Opinon sur les t\u00e2ches de l'arm\u00e9e","vocab":"Authors\/DARIS","uri":""},{"keyword":"Acceptation de mesures \u00e9tatiques de s\u00e9curit\u00e9","vocab":"Authors\/DARIS","uri":""},{"keyword":"Evalutation de l'avenir de la Suisse et du monde","vocab":"Authors\/DARIS","uri":""},{"keyword":"Neutralit\u00e9","vocab":"Authors\/DARIS","uri":""},{"keyword":"S\u00e9curit\u00e9 nationale","vocab":"Authors\/DARIS","uri":""},{"keyword":"Engagements militaires \u00e0 l'\u00e9tranger","vocab":"Authors\/DARIS","uri":""},{"keyword":"Confiance envers les institutions publiques","vocab":"Authors\/DARIS","uri":""},{"keyword":"Perception de la menace","vocab":"Authors\/DARIS","uri":""},{"keyword":"N\u00e9cessit\u00e9 de l'arm\u00e9e","vocab":"Authors\/DARIS","uri":""}],"topics":[{"topic":"Arm\u00e9e","vocab":"Authors\/DARIS","uri":""},{"topic":"Politique","vocab":"Authors\/DARIS","uri":""},{"topic":"Politique de s\u00e9curit\u00e9","vocab":"Authors\/DARIS","uri":""},{"topic":"Politique de d\u00e9fense","vocab":"Authors\/DARIS","uri":""},{"topic":"S\u00e9curit\u00e9","vocab":"Authors\/DARIS","uri":""}],"abstract":"Men\u00e9es depuis 1990 par l'Acad\u00e9mie militaire \u00e0 l'ETH de Zurich en collaboration avec le Centre de recherche sur la politique de s\u00e9curit\u00e9 de l'ETH de Zurich, les \u00e9tudes annuelles \"S\u00e9curit\u00e9\" servent \u00e0 d\u00e9terminer l'opinion publique suisse en mati\u00e8re de s\u00e9curit\u00e9 nationale au sens large. Ces \u00e9tudes se basent sur des enqu\u00eates repr\u00e9sentatives conduites r\u00e9guli\u00e8rement aupr\u00e8s de la population suisse ayant le droit de vote, afin de suivre les tendances en ce qui concerne:\n- le sentiment de s\u00e9curit\u00e9 et la perception des menaces\n- la confiance dans les institutions et dans les autorit\u00e9s\n- la politique \u00e9trang\u00e8re et la coop\u00e9ration internationale en mati\u00e8re de s\u00e9curit\u00e9\n- la neutralit\u00e9 en g\u00e9n\u00e9rale et les diff\u00e9rentes conceptions de la neutralit\u00e9\n- les attitudes par rapport \u00e0 la d\u00e9fense nationale\nEn compl\u00e9ment de ces th\u00e8mes de bases, certaines questions relatives \u00e0 la politique actuelle de s\u00e9curit\u00e9 sont sp\u00e9cifiques \u00e0 chaque \u00e9dition. Pour 2009, les th\u00e8mes suivants ont \u00e9t\u00e9 abord\u00e9s:\n- les mesures visant \u00e0 assurer la s\u00e9curit\u00e9 int\u00e9rieure\n- la perception de la menace selon diff\u00e9rents \u00e9v\u00e8nements\n- l'approbation de diff\u00e9rentes formes de collaboration avec les arm\u00e9es d'autres pays europ\u00e9ens\n- les raisons de la n\u00e9cessit\u00e9 de l'arm\u00e9e\n- les pr\u00e9f\u00e9rences pour la forme de recrutement et de service\n- la perception de l'efficacit\u00e9 de l'arm\u00e9e suisse.","coll_dates":[{"start":"2009-01-07","end":"2009-01-28","cycle":""}],"nation":[{"name":"Suisse","abbreviation":"CH"}],"geog_coverage":"Suisse (CH)","analysis_unit":"Individu","universe":"Personnes de nationalit\u00e9 suisse ayant le droit de vote et d'\u00e9ligibilit\u00e9 et poss\u00e9dant un raccordement t\u00e9l\u00e9phonique","data_kind":"Donn\u00e9es quantitatives"},"method":{"data_collection":{"time_method":"Enqu\u00eate transversale","data_collectors":[{"name":"Isopublic AG","abbreviation":"","affiliation":""}],"sampling_procedure":"M\u00e9thode d'\u00e9chantillonnage: al\u00e9atoire, avec quotas selon la r\u00e9gion linguistique, l'\u00e2ge et le sexe.\nEchantillon brut: 12777\nEchantillon net: 8105\nPersonnes interrog\u00e9es: 1200\nEntretiens valables: 1200","coll_mode":"Entretien t\u00e9l\u00e9phonique","research_instrument":"Questionnaire"},"analysis_info":{"response_rate":"14.8%"}},"data_access":{"dataset_availability":{"access_place":"Data and Research Information Services","access_place_uri":"http:\/\/forscenter.ch\/fr\/service-de-donnees-et-d-information-sur-la-recherche\/","status":"Donn\u00e9es disponibles aux conditions g\u00e9n\u00e9rales","notes":"Contact et informations: dataservice@fors.unil.ch"},"notes":"Contact et informations: dataservice@fors.unil.ch","dataset_use":{"conf_dec":[{"txt":"Inscription comme utilisateur Nesstar obligatoire:\nlogin et acceptation en ligne de la d\u00e9claration utilisateur\n\/En cas de probl\u00e8me, contacter dataservice@fors.unil.ch","required":"yes","form_no":"","uri":""}],"spec_perm":[{"txt":"Aucune","required":"yes","form_no":"","uri":""}],"restrictions":"Aucune","disclaimer":"FORS d\u00e9cline toute responsabilit\u00e9 concernant les analyses et r\u00e9sultats obtenus par l'usage des donn\u00e9es mises \u00e0 disposition. FORS d\u00e9cline \u00e9galement toute responsabilit\u00e9 en cas de m\u00e9susage, d'usage abusif ou contraire aux termes de la d\u00e9claration Utilisateur. Finalement, FORS n'offre aucune garantie par rapport \u00e0 la qualit\u00e9 des donn\u00e9es distribu\u00e9es, laquelle demeure de la responsabilit\u00e9 des chercheurs primaires."}}},"schematype":"survey"}