{"doc_desc":{"title":"Documentation pour \"Eurobarom\u00e8tre en Suisse et ISSP 2003 - Enqu\u00eate sur l'int\u00e9gration europ\u00e9enne, la politique, l'identit\u00e9 nationale, la famille et le couple\"","idno":"ch.sidos.ddi.407.7772","producers":[{"name":"Data and Research Information Services","abbreviation":"DARIS","affiliation":"FORS ","role":"Editor"}],"prod_date":"2004-01-14","version_statement":{"version":"1.1","version_date":"2011-11-24","version_resp":"Eliane Ferrez"}},"study_desc":{"title_statement":{"idno":"ch.sidos.ddi.407.7772","title":"Eurobarom\u00e8tre en Suisse et ISSP 2003","sub_title":"Enqu\u00eate sur l'int\u00e9gration europ\u00e9enne, la politique, l'identit\u00e9 nationale, la famille et le couple - 2003","translated_title":"Swiss eurobarometer and ISSP 2003"},"authoring_entity":[{"name":"Joye, Dominique (resp.)","affiliation":"Service suisse d'information et d'archivage de donn\u00e9es pour les sciences sociales - SIDOS"},{"name":"Sch\u00f6bi, Nicole","affiliation":"Service suisse d'information et d'archivage de donn\u00e9es pour les sciences sociales - SIDOS"},{"name":"Horber, Eugen (resp.)","affiliation":"Universit\u00e9 de Gen\u00e8ve, D\u00e9partement de science politique"},{"name":"Deschamps, Jean-Claude","affiliation":"Universit\u00e9 de Lausanne, Institut des sciences sociales et p\u00e9dagogiques - ISSP"}],"production_statement":{"producers":[{"name":"Service suisse d'information et d'archivage de donn\u00e9es pour les sciences sociales - SIDOS","affiliation":"","role":""},{"name":"Universit\u00e9 de Gen\u00e8ve, D\u00e9partement de science politique","affiliation":"","role":""}],"copyright":"FORS","prod_date":"2004-01-14","funding_agencies":[{"name":"Institutions cit\u00e9es ci-dessus \/ Programme prioritaire du Fonds national: Demain la Suisse","abbreviation":"","role":""}]},"distribution_statement":{"distributors":[{"name":"Data and Research Information Services","abbreviation":"DARIS","affiliation":"FORS","uri":"http:\/\/forscenter.ch\/fr\/service-de-donnees-et-d-information-sur-la-recherche\/"}],"depositor":[{"name":"","abbreviation":"","affiliation":""}]},"series_statement":{"series_name":"Eurobarom\u00e8tre ISSP"},"version_statement":{"version":"1.1","version_date":"2011-11-24","version_resp":"Eliane Ferrez"},"bib_citation":"Dominique Joye, Nicole Sch\u00f6bi, Eugen Horber, Jean-Claude Deschamps: Erhebung zur europ\u00e4ischen Integration, allgemeine politische Fragen, nationale Identit\u00e4t, Familie und Partnerschaft - 2003 [Dataset]. Schweizerischer Informations- und Daten-Archivdienst f\u00fcr die Sozialwissenschaften - SIDOS, Neuch\u00e2tel; Universit\u00e9 de Gen\u00e8ve; Universit\u00e9 de Lausanne. Distributed by FORS, Lausanne, 2005.","study_info":{"keywords":[{"keyword":"Politique d'int\u00e9gration Suisse-UE","vocab":"","uri":""},{"keyword":"Sociod\u00e9mographie","vocab":"","uri":""},{"keyword":"Famille et couple","vocab":"","uri":""},{"keyword":"Identit\u00e9 nationale","vocab":"","uri":""},{"keyword":"Immigration","vocab":"","uri":""}],"topics":[{"topic":"Politique, famille, identit\u00e9 nationale","vocab":"","uri":""}],"abstract":"Les enqu\u00eates Eurobarom\u00e8tre de la Commission Europ\u00e9enne repr\u00e9sentent une importante base de donn\u00e9es pour les sciences sociales en g\u00e9n\u00e9ral. Con\u00e7ues \u00e0 l'origine comme un indicateur d'opinion sur le th\u00e8me de l'int\u00e9gration europ\u00e9enne, les Eurobarom\u00e8tres sont aujourd'hui des enqu\u00eates de grande envergure qui, \u00e0 c\u00f4t\u00e9 d'un noyau de questions standard, couvrent r\u00e9guli\u00e8rement les th\u00e8mes importants de la vie publique. De cette mani\u00e8re, un ensemble de donn\u00e9es coh\u00e9rentes se constitue au niveau europ\u00e9en.\n\nL'International Social Survey Programm (ISSP) est form\u00e9 d'un module de base s\u00e9lectionn\u00e9 parmi un ensemble d'environ dix th\u00e8mes. Environnement, r\u00e9seaux sociaux, r\u00e9ligion, diff\u00e9rences sociales et r\u00f4le du gouvernement constituent les th\u00e8mes forts des derni\u00e8res enqu\u00eates. La participation suisse \u00e0 l'ISSP \u00e9tait assur\u00e9e jusqu'en 1999 par diff\u00e9rentes \u00e9quipes de chercheurs ; depuis l'ann\u00e9e 2000, SIDOS (FORS par la suite) est membre de l'ISSP et responsable pour la r\u00e9alisation de cette enqu\u00eate en Suisse. Entre-temps, plus de 35 pays ont rejoint l'enqu\u00eate ISSP.\n\nDans le cadre du programme prioritaire \"Demain la Suisse\", le Fonds National Suisse de la Recherche Scientifique (FNS) a mandat\u00e9 SIDOS (FORS par la suite) pour la r\u00e9alisation \u00e0 \u00e9ch\u00e9ance annuelle des enqu\u00eates Eurobarom\u00e8tre et ISSP. Au printemps 1999 la premi\u00e8re enqu\u00eate \"Eurobarom\u00e8tre en Suisse\" fut lanc\u00e9e. A partir de l'ann\u00e9e 2000, les questions de l'International Social Survey Program ont \u00e9t\u00e9 rajout\u00e9es au questionnaire \"Eurobarom\u00e8tre en Suisse\". En raison de la collecte r\u00e9guli\u00e8re des donn\u00e9es, la Suisse peut \u00eatre analys\u00e9e selon une comparaison transversale ou longitudinale. Les particularit\u00e9s suisses et les ressemblances sont de cette mani\u00e8re syst\u00e9matiquement identifi\u00e9es.\n\nEn 2003, l'enqu\u00eate repr\u00e9sentative de la population r\u00e9sidente suisse contient des questions sur les groupes de th\u00e8mes suivants : famille et couple, rapport avec la Suisse et ses institutions, identit\u00e9 nationale, immigration.","coll_dates":[{"start":"2003-05-06","end":"2003-08-25","cycle":""}],"nation":[{"name":"Suisse","abbreviation":"CH"}],"geog_coverage":"Suisse (CH)","analysis_unit":"Individu","universe":"Population suisse et \u00e9trang\u00e8re parlant allemand, fran\u00e7ais ou italien. Les r\u00e9pondants doivent \u00eatre \u00e2g\u00e9s d'au moins 18 ans.","data_kind":"Donn\u00e9es quantitatives"},"method":{"data_collection":{"time_method":"Enqu\u00eate transversale","data_collectors":[{"name":"M.I.S. Trend SA","abbreviation":"","affiliation":""}],"sampling_procedure":"1) S\u00e9lection de Sample Points: 100 Sample Points ont \u00e9t\u00e9 tir\u00e9s al\u00e9atoirement apr\u00e8s qu'ils aient \u00e9t\u00e9 stratifi\u00e9s selon les six r\u00e9gions suivantes:\n- R\u00e9gion l\u00e9manique (VD, VS, GE),\n- Espace Mittelland (BE, FR, SO, NE, JU),\n- Nordschweiz (ZH, BS, BL, AG),\n- Ostschweiz (GL, SH, AR, AI, SG, GR, TG),\n- Zentralschweiz (LU, UR, SZ, OW, NW, ZG),\n- Ticino (TI)\n2) S\u00e9lection al\u00e9atoire des m\u00e9nages \u00e0 partir du registre t\u00e9l\u00e9phonique;\n3) S\u00e9lection de la personne-cible par la m\u00e9thode KISH.\n\nEchantillon brut: 3640\nEchantillon net I: 3439\nEchantillon net II: 3048\nPersonnes interrog\u00e9es: 1039\nEntretiens valides: 1039","coll_mode":"Entretien en face-\u00e0-face","research_instrument":"Questionnaire","weight":"Les donn\u00e9es ont \u00e9t\u00e9 pond\u00e9r\u00e9es selon les crit\u00e8res suivants :\n- Taille du m\u00e9nage\n- Age\n- Sexe\n- Langue\n- Situation professionnelle"},"analysis_info":{"response_rate":"30.2% resp. 34.1% (sur base respectivement de l'\u00e9chantillon net I et de l'\u00e9chantillon net II)"}},"data_access":{"dataset_availability":{"access_place":"Data and Research Information Services - FORS","access_place_uri":"http:\/\/forscenter.ch\/fr\/service-de-donnees-et-d-information-sur-la-recherche\/","status":"Donn\u00e9es disponibles aux conditions g\u00e9n\u00e9rales","complete":"Version standard anonymis\u00e9e.","notes":"Une version du jeu de donn\u00e9es contenant des variables suppl\u00e9mentaires est disponible. Sa diffusion est soumise \u00e0 des conditions plus strictes.\nContact et informations: dataservice@fors.unil.ch"},"notes":"Une version du jeu de donn\u00e9es contenant des variables suppl\u00e9mentaires est disponible. Sa diffusion est soumise \u00e0 des conditions plus strictes.\nContact et informations: dataservice@fors.unil.ch","dataset_use":{"conf_dec":[{"txt":"Inscription comme utilisateur Nesstar obligatoire:\nlogin et acceptation en ligne de la d\u00e9claration utilisateur\n\/En cas de probl\u00e8me, contacter dataservice@fors.unil.ch","required":"yes","form_no":"","uri":""}],"spec_perm":[{"txt":"Aucune","required":"yes","form_no":"","uri":""}],"restrictions":"Aucune","disclaimer":"FORS d\u00e9cline toute responsabilit\u00e9 concernant les analyses et r\u00e9sultats obtenus par l'usage des donn\u00e9es mises \u00e0 disposition. FORS d\u00e9cline \u00e9galement toute responsabilit\u00e9 en cas de m\u00e9susage, d'usage abusif ou contraire aux termes de la d\u00e9claration Utilisateur. Finalement, FORS n'offre aucune garantie par rapport \u00e0 la qualit\u00e9 des donn\u00e9es distribu\u00e9es, laquelle demeure de la responsabilit\u00e9 des chercheurs primaires."}}},"schematype":"survey"}